{"id":13180,"date":"2019-11-22T10:39:45","date_gmt":"2019-11-22T09:39:45","guid":{"rendered":"https:\/\/www.colingua.be\/?p=13180"},"modified":"2020-01-31T10:48:12","modified_gmt":"2020-01-31T09:48:12","slug":"interpretes-para-conferencias-europeas","status":"publish","type":"post","link":"https:\/\/www.colingua.be\/es\/interpretes-para-conferencias-europeas\/","title":{"rendered":"Int\u00e9rpretes para conferencias europeas"},"content":{"rendered":"<p><span style=\"color: #000000;\">Los<strong> int\u00e9rpretes de conferencias<\/strong> de nuestra <strong>agencia de Bruselas<\/strong> interpretaron <strong>en cabina<\/strong> durante la Conferencia sobre la Innovaci\u00f3n entre la Uni\u00f3n Europea y Am\u00e9rica Latina, organizada por la Comisi\u00f3n Europea.<\/span><\/p>\n<p><span style=\"color: #000000;\"><!--more--><\/span><\/p>\n<p><span style=\"color: #000000;\">Resumen de la misi\u00f3n:\u00a0<strong><a href=\"https:\/\/www.colingua.be\/es\/interpretacion-de-conferencias\/interpretacion-simultanea-en-cabina\/\">interpretaci\u00f3n simult\u00e1nea en cabina<\/a><\/strong> al <strong>ingl\u00e9s<\/strong> y al <strong>espa\u00f1ol<\/strong> durante la Conferencia sobre la Innovaci\u00f3n organizada por la Comisi\u00f3n Europea y que reuni\u00f3 en <strong>Bruselas<\/strong> a los servicios de la Comisi\u00f3n y a representantes de pa\u00edses de Am\u00e9rica Latina.<\/span><\/p>\n<p><span style=\"color: #000000;\">Sobre Colingua<\/span><\/p>\n<p><span style=\"color: #000000;\">En Colingua hablamos espa\u00f1ol. Nuestra <strong>agencia de int\u00e9rpretes de Bruselas<\/strong> est\u00e1 gestionada exclusivamente por <a href=\"https:\/\/www.colingua.be\/es\/interpretacion-de-conferencias\/interpretes-a-nivel-europeo-en-bruselas\/\"><strong>int\u00e9rpretes de conferencias\u00a0especializados en asuntos europeos<\/strong><\/a>. Nuestros <strong>int\u00e9rpretes<\/strong> proponen servicios de <em>traducci\u00f3n simult\u00e1nea<\/em> en cabina al <strong>espa\u00f1ol, ingl\u00e9s, franc\u00e9s, alem\u00e1n, neerland\u00e9s<\/strong>\u2026 Nuestro servicio t\u00e9cnico tambi\u00e9n puede encargarse de todo el <a href=\"https:\/\/www.colingua.be\/es\/alquiler-de-material-de-interpretacion-traduccion-en-belgica\/\"><strong>material de<\/strong> <strong>interpretaci\u00f3n<\/strong><\/a> necesario para su evento: <strong><a href=\"https:\/\/www.colingua.be\/es\/alquiler-de-material-de-interpretacion-traduccion-en-belgica\/cabinas-de-interpretacion-de-conferencias\/\">cabinas de traducci\u00f3n<\/a><\/strong>, auriculares-receptores, micr\u00f3fonos, etc.<\/span><\/p>\n","protected":false},"excerpt":{"rendered":"<p>Los int\u00e9rpretes de conferencias de nuestra agencia de Bruselas interpretaron en cabina durante la Conferencia sobre la Innovaci\u00f3n entre la Uni\u00f3n Europea y Am\u00e9rica Latina, organizada por la Comisi\u00f3n Europea.<\/p>\n","protected":false},"author":2,"featured_media":11477,"comment_status":"closed","ping_status":"closed","sticky":false,"template":"","format":"standard","meta":{"_acf_changed":false,"footnotes":""},"categories":[4],"tags":[],"class_list":["post-13180","post","type-post","status-publish","format-standard","has-post-thumbnail","hentry","category-sin-categorizar"],"acf":[],"_links":{"self":[{"href":"https:\/\/www.colingua.be\/es\/wp-json\/wp\/v2\/posts\/13180"}],"collection":[{"href":"https:\/\/www.colingua.be\/es\/wp-json\/wp\/v2\/posts"}],"about":[{"href":"https:\/\/www.colingua.be\/es\/wp-json\/wp\/v2\/types\/post"}],"author":[{"embeddable":true,"href":"https:\/\/www.colingua.be\/es\/wp-json\/wp\/v2\/users\/2"}],"replies":[{"embeddable":true,"href":"https:\/\/www.colingua.be\/es\/wp-json\/wp\/v2\/comments?post=13180"}],"version-history":[{"count":9,"href":"https:\/\/www.colingua.be\/es\/wp-json\/wp\/v2\/posts\/13180\/revisions"}],"predecessor-version":[{"id":13189,"href":"https:\/\/www.colingua.be\/es\/wp-json\/wp\/v2\/posts\/13180\/revisions\/13189"}],"wp:featuredmedia":[{"embeddable":true,"href":"https:\/\/www.colingua.be\/es\/wp-json\/wp\/v2\/media\/11477"}],"wp:attachment":[{"href":"https:\/\/www.colingua.be\/es\/wp-json\/wp\/v2\/media?parent=13180"}],"wp:term":[{"taxonomy":"category","embeddable":true,"href":"https:\/\/www.colingua.be\/es\/wp-json\/wp\/v2\/categories?post=13180"},{"taxonomy":"post_tag","embeddable":true,"href":"https:\/\/www.colingua.be\/es\/wp-json\/wp\/v2\/tags?post=13180"}],"curies":[{"name":"wp","href":"https:\/\/api.w.org\/{rel}","templated":true}]}}