{"id":19969,"date":"2021-09-03T12:32:09","date_gmt":"2021-09-03T10:32:09","guid":{"rendered":"https:\/\/www.colingua.be\/?p=19969"},"modified":"2021-09-20T15:12:23","modified_gmt":"2021-09-20T13:12:23","slug":"interpretes-para-asociaciones-europeas-como-dalecanela","status":"publish","type":"post","link":"https:\/\/www.colingua.be\/es\/interpretes-para-asociaciones-europeas-como-dalecanela\/","title":{"rendered":"Int\u00e9rpretes para asociaciones europeas como DalecanELA"},"content":{"rendered":"<p>Los <strong><a href=\"https:\/\/www.colingua.be\/es\/nuestra-agencia-de-traduccion\/\">int\u00e9rpretes de Colingua<\/a><\/strong> trabajan desde hace muchos a\u00f1os con representaciones ante la UE como la <a href=\"https:\/\/www.colingua.be\/es\/interpretes-para-la-delegacion-de-euskadi-para-la-union-europea-en-bruselas\/\">Delegaci\u00f3n de Euskadi para la Uni\u00f3n Europea<\/a>.<!--more--><\/p>\n<p>Colingua colabor\u00f3 con la Delegaci\u00f3n de Euskadi para la Uni\u00f3n Europea en el marco del <a href=\"https:\/\/www.fundela.es\" target=\"_blank\" rel=\"noopener\">D\u00eda Mundial de la Esclerosis Lateral Amiotr\u00f3fica (ELA)<\/a>, el pasado 21 de junio. En el evento en <strong><a href=\"https:\/\/www.colingua.be\/es\/interpretacion-remota-rsi\/\">Zoom creado por Colingua<\/a><\/strong> participaron representantes del Parlamento Europeo, la DG SANTE de la Comisi\u00f3n Europea, m\u00e9dicos e investigadores, as\u00ed como la Asociaci\u00f3n Europea de esta enfermedad y la Asociaci\u00f3n <a href=\"https:\/\/dalecandela.org\/\" target=\"_blank\" rel=\"noopener\">DalecandELA<\/a>. Los <strong><a href=\"https:\/\/www.colingua.be\/es\/interpretacion-de-conferencias\/\">int\u00e9rpretes de nuestra empresa de traducci\u00f3n<\/a><\/strong> proporcionaron durante todo el evento en l\u00ednea la <strong><a href=\"https:\/\/www.colingua.be\/es\/interpretacion-de-conferencias\/interpretacion-simultanea-remota-isr\/\">interpretaci\u00f3n simult\u00e1nea al ingl\u00e9s y al espa\u00f1ol a trav\u00e9s de Zoom<\/a><\/strong>.<\/p>\n<p>Resumen de los servicios prestados<\/p>\n<ul>\n<li><a href=\"https:\/\/www.colingua.be\/es\/interpretacion-de-conferencias\/videoconferencias-con-interpretacion\/\"><strong>Interpretaci\u00f3n simult\u00e1nea en l\u00ednea<\/strong><\/a><\/li>\n<li><a href=\"https:\/\/www.colingua.be\/es\/nuestra-agencia-de-traduccion\/noticias-traductores-interpretes-conferencias-bruselas\/\"><strong><u>Idiomas interpretados: ingl\u00e9s y espa\u00f1ol<\/u><\/strong><\/a><\/li>\n<li>Creaci\u00f3n del webinario de Zoom<\/li>\n<li>Asistencia t\u00e9cnica<\/li>\n<li><a href=\"https:\/\/www.colingua.be\/es\/interpretacion-de-conferencias\/interpretes-a-nivel-europeo-en-bruselas\/\"><strong>Los int\u00e9rpretes de nuestra oficina de traducci\u00f3n en Bruselas est\u00e1n especializados en temas europeos.<\/strong><\/a><\/li>\n<\/ul>\n<p><strong><a href=\"https:\/\/www.colingua.be\/es\/interpretacion-de-conferencias\/tarifas-interpretes-en-bruselas\/\">\u00bfCu\u00e1l es el precio de un int\u00e9rprete en Bruselas?<\/a><\/strong><\/p>\n<p>Sobre la Delegaci\u00f3n de Euskadi para la Uni\u00f3n Europea<\/p>\n<p>La Delegaci\u00f3n de Euskadi para la Uni\u00f3n Europea, son sede en Bruselas representa los intereses de Euskadi ante las Instituciones y \u00f3rganos de la UE, as\u00ed como otras organizaciones multilaterales presentes en la capital de Europa. Tambi\u00e9n colabora con otras oficinas de Comunidades Aut\u00f3nomas, L\u00e4nders o Regiones.<\/p>\n<hr \/>\n<p><span style=\"color: #ff0000;\"><a style=\"color: #ff0000;\" href=\"https:\/\/www.colingua.be\/es\/interpretacion-de-conferencias\/videoconferencias-con-interpretacion\/\"><strong>Gu\u00eda para la organizaci\u00f3n de videoconferencias con interpretaci\u00f3n<\/strong><\/a><\/span><\/p>\n<div class=\"\">1. <a href=\"https:\/\/www.colingua.be\/es\/interpretacion-de-conferencias\/videoconferencias-con-interpretacion\/tipos-de-plataformas\/\">Tipos de plataformas<\/a><\/div>\n<div class=\"\">2. <a href=\"https:\/\/www.colingua.be\/es\/interpretacion-de-conferencias\/videoconferencias-con-interpretacion\/interpretacion-de-idiomas-con-zoom\/\">\u00bfLe gusta utilizar ZOOM?<\/a><\/div>\n<div class=\"\">3. <a href=\"https:\/\/www.colingua.be\/es\/interpretacion-de-conferencias\/videoconferencias-con-interpretacion\/conservar-su-plataforma-de-videoconferencia\/\">\u00bfDesea conservar su plataforma de videoconferencia habitual?<\/a><\/div>\n<div class=\"\">4. <a href=\"https:\/\/www.colingua.be\/es\/interpretacion-de-conferencias\/videoconferencias-con-interpretacion\/moderador-en-linea\/\">El moderador: figura clave\u00a0para el \u00e9xito de un evento en l\u00ednea<\/a><\/div>\n<div class=\"\">5. <a href=\"https:\/\/www.colingua.be\/es\/interpretacion-de-conferencias\/videoconferencias-con-interpretacion\/desde-un-estudio-o-desde-casa\/\">Los int\u00e9rpretes: \u00bfen un estudio o desde casa?<\/a><\/div>\n<div class=\"\">6. <a href=\"https:\/\/www.colingua.be\/es\/interpretacion-de-conferencias\/videoconferencias-con-interpretacion\/evento-hibrido-presencial-o-a-distancia\/\">\u00bfDesea organizar un evento h\u00edbrido, presencial o a distancia?<\/a><\/div>\n<div class=\"\">7. <a href=\"https:\/\/www.colingua.be\/es\/interpretacion-de-conferencias\/videoconferencias-con-interpretacion\/eventos-virtuales-con-nuestros-interpretes\/\">Ejemplos de eventos virtuales con nuestros int\u00e9rpretes<\/a><\/div>\n<div class=\"\">8. <a href=\"https:\/\/www.colingua.be\/es\/interpretacion-de-conferencias\/videoconferencias-con-interpretacion\/interpretacion-en-linea-seguridad-y-fiabilidad\/\">La interpretaci\u00f3n en l\u00ednea: seguridad y fiabilidad<\/a><\/div>\n","protected":false},"excerpt":{"rendered":"<p>Los int\u00e9rpretes de Colingua trabajan desde hace muchos a\u00f1os con representaciones ante la UE como la Delegaci\u00f3n de Euskadi para la Uni\u00f3n Europea.<\/p>\n","protected":false},"author":2,"featured_media":19975,"comment_status":"closed","ping_status":"closed","sticky":false,"template":"","format":"standard","meta":{"_acf_changed":false,"footnotes":""},"categories":[4],"tags":[],"class_list":["post-19969","post","type-post","status-publish","format-standard","has-post-thumbnail","hentry","category-sin-categorizar"],"acf":[],"_links":{"self":[{"href":"https:\/\/www.colingua.be\/es\/wp-json\/wp\/v2\/posts\/19969"}],"collection":[{"href":"https:\/\/www.colingua.be\/es\/wp-json\/wp\/v2\/posts"}],"about":[{"href":"https:\/\/www.colingua.be\/es\/wp-json\/wp\/v2\/types\/post"}],"author":[{"embeddable":true,"href":"https:\/\/www.colingua.be\/es\/wp-json\/wp\/v2\/users\/2"}],"replies":[{"embeddable":true,"href":"https:\/\/www.colingua.be\/es\/wp-json\/wp\/v2\/comments?post=19969"}],"version-history":[{"count":2,"href":"https:\/\/www.colingua.be\/es\/wp-json\/wp\/v2\/posts\/19969\/revisions"}],"predecessor-version":[{"id":20103,"href":"https:\/\/www.colingua.be\/es\/wp-json\/wp\/v2\/posts\/19969\/revisions\/20103"}],"wp:featuredmedia":[{"embeddable":true,"href":"https:\/\/www.colingua.be\/es\/wp-json\/wp\/v2\/media\/19975"}],"wp:attachment":[{"href":"https:\/\/www.colingua.be\/es\/wp-json\/wp\/v2\/media?parent=19969"}],"wp:term":[{"taxonomy":"category","embeddable":true,"href":"https:\/\/www.colingua.be\/es\/wp-json\/wp\/v2\/categories?post=19969"},{"taxonomy":"post_tag","embeddable":true,"href":"https:\/\/www.colingua.be\/es\/wp-json\/wp\/v2\/tags?post=19969"}],"curies":[{"name":"wp","href":"https:\/\/api.w.org\/{rel}","templated":true}]}}