{"id":4817,"date":"2018-01-19T15:36:41","date_gmt":"2018-01-19T14:36:41","guid":{"rendered":"https:\/\/www.colingua.be\/?p=4817"},"modified":"2018-02-02T10:23:30","modified_gmt":"2018-02-02T09:23:30","slug":"empresa-tratraductores-interpretes-chez-scania","status":"publish","type":"post","link":"https:\/\/www.colingua.be\/es\/empresa-tratraductores-interpretes-chez-scania\/","title":{"rendered":"Traductores e Int\u00e9rpretes para Scania"},"content":{"rendered":"<p>Nuestra <strong>agencia de traducci\u00f3n <\/strong><strong>acompa\u00f1a a Scania desde 2008. Todos los a\u00f1os, Scania Benelux conf\u00eda en nuestros int\u00e9rpretes de conferencia para sus reuniones de lanzamiento. Este a\u00f1o, la cita ser\u00e1 en Amberes, B\u00e9lgica<\/strong><strong>. <\/strong><\/p>\n<p>Resumen:<\/p>\n<p>&gt;&gt;&gt; <strong>Int\u00e9rpretes de conferencia al franc\u00e9s, ingl\u00e9s y neerland\u00e9s<\/strong>.<\/p>\n<blockquote><p>&gt;&gt;\u00a0<strong>Interpretaci\u00f3n simult\u00e1nea <\/strong><strong>con material de interpretaci\u00f3n <\/strong><strong>en Amberes.<\/strong><\/p><\/blockquote>\n<p><!--more--><\/p>\n<p>Desde 2008, los <strong>int\u00e9rpretes de conferencia <\/strong>de <strong>Colingua Traducci\u00f3n <\/strong>trabajan para la sede del Benelux de la c\u00e9lebre marca sueca. Nuestra empresa proporciona con regularidad servicios de \u201c<strong>traducci\u00f3n simult\u00e1nea<\/strong>\u201d al ingl\u00e9s, franc\u00e9s y neerland\u00e9s durante los eventos de Scania en Breda o en Eindhoven.\u00a0 <strong>\u00a0<\/strong><\/p>\n<p>Este a\u00f1o, Amberes ha sido la ciudad elegida por Scania para organizar su reuni\u00f3n de lanzamiento de 2018.<\/p>\n<p>Los <strong>traductores de Colingua<\/strong> se encargan tambi\u00e9n de traducir parte de la comunicaci\u00f3n interna de Scania Benelux.<\/p>\n<p>Sobre Scania: Scania es un importante fabricante de camiones, famosos por su gran fiabilidad. La empresa sueca, fundada en 1891, est\u00e1 presente en numerosos pa\u00edses europeos, en ciudades como Breda, Bruselas o Madrid, pero tambi\u00e9n en todo el mundo, por ejemplo en Am\u00e9rica Latina.<\/p>\n<p>Copyright logotipo: <a href=\"http:\/\/www.Scania.com\">www.Scania.com<\/a><\/p>\n<p>&nbsp;<\/p>\n","protected":false},"excerpt":{"rendered":"<p>Nuestra agencia de traducci\u00f3n acompa\u00f1a a Scania desde 2008. Todos los a\u00f1os, Scania Benelux conf\u00eda en nuestros int\u00e9rpretes de conferencia para sus reuniones de lanzamiento. Este a\u00f1o, la cita ser\u00e1 en Amberes, B\u00e9lgica. Resumen: &gt;&gt;&gt; Int\u00e9rpretes de conferencia al franc\u00e9s, ingl\u00e9s y neerland\u00e9s. &gt;&gt;\u00a0Interpretaci\u00f3n simult\u00e1nea con material de interpretaci\u00f3n en Amberes.<\/p>\n","protected":false},"author":2,"featured_media":4642,"comment_status":"closed","ping_status":"closed","sticky":false,"template":"","format":"standard","meta":{"_acf_changed":false,"footnotes":""},"categories":[4],"tags":[],"class_list":["post-4817","post","type-post","status-publish","format-standard","has-post-thumbnail","hentry","category-sin-categorizar"],"acf":[],"_links":{"self":[{"href":"https:\/\/www.colingua.be\/es\/wp-json\/wp\/v2\/posts\/4817"}],"collection":[{"href":"https:\/\/www.colingua.be\/es\/wp-json\/wp\/v2\/posts"}],"about":[{"href":"https:\/\/www.colingua.be\/es\/wp-json\/wp\/v2\/types\/post"}],"author":[{"embeddable":true,"href":"https:\/\/www.colingua.be\/es\/wp-json\/wp\/v2\/users\/2"}],"replies":[{"embeddable":true,"href":"https:\/\/www.colingua.be\/es\/wp-json\/wp\/v2\/comments?post=4817"}],"version-history":[{"count":4,"href":"https:\/\/www.colingua.be\/es\/wp-json\/wp\/v2\/posts\/4817\/revisions"}],"predecessor-version":[{"id":4821,"href":"https:\/\/www.colingua.be\/es\/wp-json\/wp\/v2\/posts\/4817\/revisions\/4821"}],"wp:featuredmedia":[{"embeddable":true,"href":"https:\/\/www.colingua.be\/es\/wp-json\/wp\/v2\/media\/4642"}],"wp:attachment":[{"href":"https:\/\/www.colingua.be\/es\/wp-json\/wp\/v2\/media?parent=4817"}],"wp:term":[{"taxonomy":"category","embeddable":true,"href":"https:\/\/www.colingua.be\/es\/wp-json\/wp\/v2\/categories?post=4817"},{"taxonomy":"post_tag","embeddable":true,"href":"https:\/\/www.colingua.be\/es\/wp-json\/wp\/v2\/tags?post=4817"}],"curies":[{"name":"wp","href":"https:\/\/api.w.org\/{rel}","templated":true}]}}