{"id":9312,"date":"2019-03-01T16:28:46","date_gmt":"2019-03-01T15:28:46","guid":{"rendered":"https:\/\/www.colingua.be\/?p=9312"},"modified":"2019-03-01T16:37:15","modified_gmt":"2019-03-01T15:37:15","slug":"agencia-de-intepretes-en-bruselas-para-medculture","status":"publish","type":"post","link":"https:\/\/www.colingua.be\/es\/agencia-de-intepretes-en-bruselas-para-medculture\/","title":{"rendered":"Agencia de int\u00e9rpretes en Bruselas"},"content":{"rendered":"<p>Nuestra <strong>agencia de interpretaci\u00f3n de Bruselas<\/strong>, especializada en <strong>proyectos europeos<\/strong>, trabaja esta semana para MED Culture, un programa financiado por la Comisi\u00f3n Europea.<!--more--><\/p>\n<p><strong>Resumen de la misi\u00f3n de interpretaci\u00f3n<\/strong><\/p>\n<p>Proporci\u00f3n de dos <strong>int\u00e9rpretes de conferencias ingl\u00e9s &lt;&gt; franc\u00e9s<\/strong> para el evento de clausura organizado en Bozar (<strong>Bruselas<\/strong>) e instalaci\u00f3n de la <strong><a href=\"https:\/\/www.colingua.be\/es\/alquiler-de-material-de-interpretacion-traduccion-en-belgica\/alquiler-kits-de-cabinas-de-interpretacion\/\">cabina<\/a> <\/strong>de<strong> interpretaci\u00f3n simult\u00e1nea<\/strong> y los auriculares \u2013 receptores.<\/p>\n<p>Sobre Colingua<\/p>\n<p>Colingua es una <strong>empresa de int\u00e9rpretes de conferencias<\/strong> con sede en <strong>Bruselas<\/strong> especializada en la <a href=\"https:\/\/www.colingua.be\/es\/interpretacion-de-conferencias\/\"><strong>interpretaci\u00f3n simult\u00e1nea<\/strong><\/a> para proyectos y programas europeos. Nuestros<strong><a href=\"https:\/\/www.colingua.be\/es\/traduccion\/\"> traductores<\/a> <\/strong>e<strong> <a href=\"https:\/\/www.colingua.be\/es\/interpretacion-de-conferencias\/interpretacion-simultanea-en-cabina\/\">int\u00e9rpretes<\/a><\/strong> trabajan con gran asiduidad en el entorno de la Uni\u00f3n Europea en Bruselas y dominan la jerga comunitaria.<\/p>\n<p>Sobre MED Culture<\/p>\n<p>Med Culture es un programa regional de 5 a\u00f1os (2014-2018) financiado por la Uni\u00f3n Europea. Su objetivo es acompa\u00f1ar a pa\u00edses socios del Sur del Mediterr\u00e1neo en el desarrollo y la mejora de pol\u00edticas y pr\u00e1cticas relacionadas con el sector cultural.<\/p>\n","protected":false},"excerpt":{"rendered":"<p>Nuestra agencia de interpretaci\u00f3n de Bruselas, especializada en proyectos europeos, trabaja esta semana para MED Culture, un programa financiado por la Comisi\u00f3n Europea.<\/p>\n","protected":false},"author":2,"featured_media":9057,"comment_status":"closed","ping_status":"closed","sticky":false,"template":"","format":"standard","meta":{"_acf_changed":false,"footnotes":""},"categories":[4],"tags":[],"class_list":["post-9312","post","type-post","status-publish","format-standard","has-post-thumbnail","hentry","category-sin-categorizar"],"acf":[],"_links":{"self":[{"href":"https:\/\/www.colingua.be\/es\/wp-json\/wp\/v2\/posts\/9312"}],"collection":[{"href":"https:\/\/www.colingua.be\/es\/wp-json\/wp\/v2\/posts"}],"about":[{"href":"https:\/\/www.colingua.be\/es\/wp-json\/wp\/v2\/types\/post"}],"author":[{"embeddable":true,"href":"https:\/\/www.colingua.be\/es\/wp-json\/wp\/v2\/users\/2"}],"replies":[{"embeddable":true,"href":"https:\/\/www.colingua.be\/es\/wp-json\/wp\/v2\/comments?post=9312"}],"version-history":[{"count":8,"href":"https:\/\/www.colingua.be\/es\/wp-json\/wp\/v2\/posts\/9312\/revisions"}],"predecessor-version":[{"id":9320,"href":"https:\/\/www.colingua.be\/es\/wp-json\/wp\/v2\/posts\/9312\/revisions\/9320"}],"wp:featuredmedia":[{"embeddable":true,"href":"https:\/\/www.colingua.be\/es\/wp-json\/wp\/v2\/media\/9057"}],"wp:attachment":[{"href":"https:\/\/www.colingua.be\/es\/wp-json\/wp\/v2\/media?parent=9312"}],"wp:term":[{"taxonomy":"category","embeddable":true,"href":"https:\/\/www.colingua.be\/es\/wp-json\/wp\/v2\/categories?post=9312"},{"taxonomy":"post_tag","embeddable":true,"href":"https:\/\/www.colingua.be\/es\/wp-json\/wp\/v2\/tags?post=9312"}],"curies":[{"name":"wp","href":"https:\/\/api.w.org\/{rel}","templated":true}]}}