{"id":19530,"date":"2021-08-30T13:03:23","date_gmt":"2021-08-30T11:03:23","guid":{"rendered":"https:\/\/www.colingua.be\/?p=19530"},"modified":"2021-08-15T16:14:36","modified_gmt":"2021-08-15T14:14:36","slug":"interpretes-pour-le-delegation-du-pays-basque-a-bruxelles","status":"publish","type":"post","link":"https:\/\/www.colingua.be\/fr\/interpretes-pour-le-delegation-du-pays-basque-a-bruxelles\/","title":{"rendered":"Interpr\u00e8tes pour le D\u00e9l\u00e9gation du Pays Basque \u00e0 Bruxelles"},"content":{"rendered":"<p>Notre\u00a0<a href=\"https:\/\/www.colingua.be\/fr\/interpretation\/des-interpretes-de-conferences-a-bruxelles\/\"><strong>agence d&rsquo;interpr\u00e8tes de Bruxelles<\/strong><\/a>\u00a0et son <strong><a href=\"https:\/\/www.colingua.be\/fr\/interpretation\/visioconference\/interpretation-sur-zoom\/\">\u00e9quipe Zoom<\/a><\/strong> contribuent \u00e0 la r\u00e9union des Pr\u00e9sidents de r\u00e9gions europ\u00e9ennes organis\u00e9e par la D\u00e9l\u00e9gation d&rsquo;Euskadi \u00e0 Bruxelles.<!--more--><\/p>\n<p>\u00c0 propos de l&rsquo;\u00e9v\u00e9nement et de <a href=\"https:\/\/www.colingua.be\/fr\/agence-de-traduction\/\"><strong>notre soci\u00e9t\u00e9 d&rsquo;interpr\u00e8tes<\/strong><\/a><\/p>\n<ul>\n<li><span lang=\"EU\">R\u00e9gions partenaires pour l&rsquo;avenir de l&rsquo;Europe, en pr\u00e9sence de Pr\u00e9sident(es) de r\u00e9gions dEurope.\u00a0<\/span><\/li>\n<li><a href=\"https:\/\/www.colingua.be\/fr\/interpretation-simultanee-en-ligne\/\"><strong>Interpr\u00e9tation simultan\u00e9e en ligne<\/strong><\/a><\/li>\n<li><a href=\"https:\/\/www.colingua.be\/fr\/interpretation\/\"><strong>Langues interpr\u00e9t\u00e9es : anglais, fran\u00e7ais, espagnol, basque, allemand<\/strong><\/a><\/li>\n<li>Cr\u00e9ation par nos soins du <a href=\"https:\/\/www.colingua.be\/fr\/interpretation\/visioconference\/interpretation-sur-zoom\/\"><strong>Zoom webinaire<\/strong><\/a><\/li>\n<li><a href=\"https:\/\/www.colingua.be\/fr\/interpretation\/visioconference\/moderateur-la-figure-cle\/\"><strong>Assistance technique et mod\u00e9ration sur Zoom<\/strong><\/a><\/li>\n<li><a href=\"https:\/\/www.colingua.be\/fr\/interpretation\/des-interpretes-au-niveau-europeen\/\"><strong>Les interpr\u00e8tes de notre bureau de traduction de Bruxelles sont sp\u00e9cialis\u00e9s dans les affaires europ\u00e9ennes<\/strong><\/a><\/li>\n<\/ul>\n<hr \/>\n<p><a href=\"https:\/\/www.colingua.be\/fr\/interpretation\/visioconference\/\"><span style=\"color: #ff0000;\"><strong>Guide de l&rsquo;organisateur de visioconf\u00e9rences avec interpr\u00e9tation<\/strong><\/span><\/a><\/p>\n<ol>\n<li><a href=\"https:\/\/www.colingua.be\/fr\/interpretation\/visioconference\/plateformes-de-videoconference\/\">Les types de plateformes<\/a><\/li>\n<li><a href=\"https:\/\/www.colingua.be\/fr\/interpretation\/visioconference\/interpretation-sur-zoom\/\">Vous utilisez ZOOM\u00a0?<\/a><\/li>\n<li><a href=\"https:\/\/www.colingua.be\/fr\/interpretation\/visioconference\/interpretation-avec-votre-appli-de-visio-preferee\/\">Vous d\u00e9sirez conserver votre outil de visioconf\u00e9rence habituel\u00a0?<\/a><\/li>\n<li><a href=\"https:\/\/www.colingua.be\/fr\/interpretation\/visioconference\/moderateur-la-figure-cle\/\">Le Mod\u00e9rateur\u00a0: figure cl\u00e9 de l\u2019\u00e9v\u00e9nement en ligne<\/a><\/li>\n<li><a href=\"https:\/\/www.colingua.be\/fr\/interpretation\/visioconference\/interpretes-studio-ou-domicile\/\">Les interpr\u00e8tes\u00a0: en studio ou \u00e0 domicile\u00a0?<\/a><\/li>\n<li><a href=\"https:\/\/www.colingua.be\/fr\/interpretation\/presentiel-distanciel-ou-hybride\/\">Un \u00e9v\u00e9nement hybride\u00a0alliant pr\u00e9sentiel et distanciel\u00a0?<\/a><\/li>\n<li><a href=\"https:\/\/www.colingua.be\/fr\/interpretation\/visioconference\/evenements-virtuels-avec-interpretes\/\">Exemples d\u2019\u00e9v\u00e9nements virtuels avec nos interpr\u00e8tes<\/a><\/li>\n<li><a href=\"https:\/\/www.colingua.be\/fr\/interpretation\/visioconference\/interpretation-en-ligne-securite-et-fiabilite\/\">L&rsquo;interpr\u00e9tation en ligne : s\u00e9curit\u00e9\u00a0et fiabilit\u00e9<\/a><\/li>\n<\/ol>\n","protected":false},"excerpt":{"rendered":"<p>Notre\u00a0agence d&rsquo;interpr\u00e8tes de Bruxelles\u00a0et son \u00e9quipe Zoom contribuent \u00e0 la r\u00e9union des Pr\u00e9sidents de r\u00e9gions europ\u00e9ennes organis\u00e9e par la D\u00e9l\u00e9gation d&rsquo;Euskadi \u00e0 Bruxelles.<\/p>\n","protected":false},"author":2,"featured_media":19547,"comment_status":"closed","ping_status":"closed","sticky":false,"template":"","format":"standard","meta":{"_acf_changed":false,"footnotes":""},"categories":[1],"tags":[],"class_list":["post-19530","post","type-post","status-publish","format-standard","has-post-thumbnail","hentry","category-news"],"acf":[],"_links":{"self":[{"href":"https:\/\/www.colingua.be\/fr\/wp-json\/wp\/v2\/posts\/19530"}],"collection":[{"href":"https:\/\/www.colingua.be\/fr\/wp-json\/wp\/v2\/posts"}],"about":[{"href":"https:\/\/www.colingua.be\/fr\/wp-json\/wp\/v2\/types\/post"}],"author":[{"embeddable":true,"href":"https:\/\/www.colingua.be\/fr\/wp-json\/wp\/v2\/users\/2"}],"replies":[{"embeddable":true,"href":"https:\/\/www.colingua.be\/fr\/wp-json\/wp\/v2\/comments?post=19530"}],"version-history":[{"count":15,"href":"https:\/\/www.colingua.be\/fr\/wp-json\/wp\/v2\/posts\/19530\/revisions"}],"predecessor-version":[{"id":19570,"href":"https:\/\/www.colingua.be\/fr\/wp-json\/wp\/v2\/posts\/19530\/revisions\/19570"}],"wp:featuredmedia":[{"embeddable":true,"href":"https:\/\/www.colingua.be\/fr\/wp-json\/wp\/v2\/media\/19547"}],"wp:attachment":[{"href":"https:\/\/www.colingua.be\/fr\/wp-json\/wp\/v2\/media?parent=19530"}],"wp:term":[{"taxonomy":"category","embeddable":true,"href":"https:\/\/www.colingua.be\/fr\/wp-json\/wp\/v2\/categories?post=19530"},{"taxonomy":"post_tag","embeddable":true,"href":"https:\/\/www.colingua.be\/fr\/wp-json\/wp\/v2\/tags?post=19530"}],"curies":[{"name":"wp","href":"https:\/\/api.w.org\/{rel}","templated":true}]}}