{"id":20588,"date":"2022-02-19T18:18:29","date_gmt":"2022-02-19T17:18:29","guid":{"rendered":"https:\/\/www.colingua.be\/?p=20588"},"modified":"2022-02-19T18:21:27","modified_gmt":"2022-02-19T17:21:27","slug":"interpretes-pour-le-projet-urbact-biocantines-a-liege","status":"publish","type":"post","link":"https:\/\/www.colingua.be\/fr\/interpretes-pour-le-projet-urbact-biocantines-a-liege\/","title":{"rendered":"Interpr\u00e8tes pour le projet Urbact BioCanteens \u00e0 Li\u00e8ge"},"content":{"rendered":"<p>Colingua confirme son statut de <strong><a href=\"https:\/\/www.colingua.be\/fr\/agence-de-traduction\/references\/\">r\u00e9f\u00e9rence en mati\u00e8re d&rsquo;interpr\u00e9tariat \u00e0 Li\u00e8ge<\/a><\/strong>. Nos <strong><a href=\"https:\/\/www.colingua.be\/fr\/interpretation\/\">interpr\u00e8tes<\/a><\/strong> participent \u00e0 la premi\u00e8re rencontre en pr\u00e9sentiel organis\u00e9e par la Ville en 2 ans de pand\u00e9mie.<\/p>\n<p><!--more--><\/p>\n<p>Li\u00e8ge participe au programme europ\u00e9en (URBACT) BioCanteens, qui consiste \u00e0\u00a0d\u00e9velopper une approche agroalimentaire locale int\u00e9gr\u00e9e, prot\u00e9geant \u00e0 la fois la sant\u00e9 des citoyens et l&rsquo;environnement.<\/p>\n<p>Nos interpr\u00e8tes ont pu assurer une\u00a0<strong><a href=\"https:\/\/www.colingua.be\/fr\/interpretation\/interpretation-simultanee-mobile\/\"><em>traduction simultan\u00e9e<\/em><\/a><\/strong> en anglais et en fran\u00e7ais pour tous les partenaires du projet. La nature mobile du groupe a requis l&rsquo;utilisation d&rsquo;un <strong><a href=\"https:\/\/www.colingua.be\/fr\/materiel-interpretation-conferences\/materiel-interpretation-mobile-bidule-ou-valisette-infoport-sennheiser-pour-interpretes\/\">kit mobile d&rsquo;interpr\u00e9tation<\/a><\/strong>.<\/p>\n<p>Notre <strong><a href=\"https:\/\/www.colingua.be\/fr\/interpretation\/interpretes-de-conferences-a-liege\/\">agence d&rsquo;interpr\u00e9tation de Li\u00e8ge<\/a><\/strong> confirme, gr\u00e2ce \u00e0 cette nouvelle mission, son statut de leader et de r\u00e9f\u00e9rence en r\u00e9gion li\u00e9geoise.<\/p>\n","protected":false},"excerpt":{"rendered":"<p>Colingua confirme son statut de r\u00e9f\u00e9rence en mati\u00e8re d&rsquo;interpr\u00e9tariat \u00e0 Li\u00e8ge. Nos interpr\u00e8tes participent \u00e0 la premi\u00e8re rencontre en pr\u00e9sentiel organis\u00e9e par la Ville en 2 ans de pand\u00e9mie.<\/p>\n","protected":false},"author":2,"featured_media":20610,"comment_status":"closed","ping_status":"closed","sticky":false,"template":"","format":"standard","meta":{"_acf_changed":false,"footnotes":""},"categories":[1],"tags":[],"class_list":["post-20588","post","type-post","status-publish","format-standard","has-post-thumbnail","hentry","category-news"],"acf":[],"_links":{"self":[{"href":"https:\/\/www.colingua.be\/fr\/wp-json\/wp\/v2\/posts\/20588"}],"collection":[{"href":"https:\/\/www.colingua.be\/fr\/wp-json\/wp\/v2\/posts"}],"about":[{"href":"https:\/\/www.colingua.be\/fr\/wp-json\/wp\/v2\/types\/post"}],"author":[{"embeddable":true,"href":"https:\/\/www.colingua.be\/fr\/wp-json\/wp\/v2\/users\/2"}],"replies":[{"embeddable":true,"href":"https:\/\/www.colingua.be\/fr\/wp-json\/wp\/v2\/comments?post=20588"}],"version-history":[{"count":10,"href":"https:\/\/www.colingua.be\/fr\/wp-json\/wp\/v2\/posts\/20588\/revisions"}],"predecessor-version":[{"id":20665,"href":"https:\/\/www.colingua.be\/fr\/wp-json\/wp\/v2\/posts\/20588\/revisions\/20665"}],"wp:featuredmedia":[{"embeddable":true,"href":"https:\/\/www.colingua.be\/fr\/wp-json\/wp\/v2\/media\/20610"}],"wp:attachment":[{"href":"https:\/\/www.colingua.be\/fr\/wp-json\/wp\/v2\/media?parent=20588"}],"wp:term":[{"taxonomy":"category","embeddable":true,"href":"https:\/\/www.colingua.be\/fr\/wp-json\/wp\/v2\/categories?post=20588"},{"taxonomy":"post_tag","embeddable":true,"href":"https:\/\/www.colingua.be\/fr\/wp-json\/wp\/v2\/tags?post=20588"}],"curies":[{"name":"wp","href":"https:\/\/api.w.org\/{rel}","templated":true}]}}