{"id":20873,"date":"2023-02-05T16:10:11","date_gmt":"2023-02-05T15:10:11","guid":{"rendered":"https:\/\/www.colingua.be\/?p=20873"},"modified":"2023-02-06T14:56:55","modified_gmt":"2023-02-06T13:56:55","slug":"colingua-participe-aux-24h-velo-du-televie-a-liege","status":"publish","type":"post","link":"https:\/\/www.colingua.be\/fr\/colingua-participe-aux-24h-velo-du-televie-a-liege\/","title":{"rendered":"24h v\u00e9lo du T\u00e9l\u00e9vie &#8211; soutenez Colingua"},"content":{"rendered":"<p>Pour la deuxi\u00e8me ann\u00e9e, les <strong><a href=\"https:\/\/www.colingua.be\/fr\/traduction\/\">traducteurs<\/a><\/strong> et <strong><a href=\"https:\/\/www.colingua.be\/fr\/interpretation\/\">interpr\u00e8tes<\/a><\/strong> de notre <strong><a href=\"https:\/\/www.colingua.be\/fr\/interpretation\/interpretes-de-conferences-a-liege\/\">agence de Li\u00e8ge<\/a><\/strong> p\u00e9daleront pour r\u00e9colter des fonds pour le T\u00e9l\u00e9vie. Soutenez-nous !<\/p>\n<p><!--more--><\/p>\n<p>Apr\u00e8s une superbe exp\u00e9rience au printemps 2022 \u00e0 la M\u00e9diacit\u00e9, notre \u00e9quipe participera cette ann\u00e9e aux 24h V\u00e9lo du T\u00e9l\u00e9vie dans les infrastructures du CHR Citadelle de Li\u00e8ge.<\/p>\n<p>Visitez notre page sp\u00e9cifique pour <strong><a href=\"https:\/\/www.24h-televie.be\/fr-FR\/project\/colingua-traducteurs-interpretes-6ae2e?tab=overview\" target=\"_blank\" rel=\"noopener\">faire un don<\/a><\/strong> (dons d\u00e9ductibles en Belgique \u00e0 partir de 40\u20ac).<\/p>\n<p>N&rsquo;h\u00e9sitez pas \u00e0 venir nous soutenir en personne du 23 mars \u00e0 17h jusqu&rsquo;au 24 mars \u00e0 17h sur le site de la Citadelle. Nous roulerons \u00e0 c\u00f4t\u00e9 de nos amis et coll\u00e8gues de la section \u00ab\u00a0traduction et interpr\u00e9tation\u00a0\u00bb de l&rsquo;Universit\u00e9 de Li\u00e8ge.<\/p>\n","protected":false},"excerpt":{"rendered":"<p>Pour la deuxi\u00e8me ann\u00e9e, les traducteurs et interpr\u00e8tes de notre agence de Li\u00e8ge p\u00e9daleront pour r\u00e9colter des fonds pour le T\u00e9l\u00e9vie. Soutenez-nous !<\/p>\n","protected":false},"author":2,"featured_media":20896,"comment_status":"closed","ping_status":"closed","sticky":false,"template":"","format":"standard","meta":{"_acf_changed":false,"footnotes":""},"categories":[1],"tags":[],"class_list":["post-20873","post","type-post","status-publish","format-standard","has-post-thumbnail","hentry","category-news"],"acf":[],"_links":{"self":[{"href":"https:\/\/www.colingua.be\/fr\/wp-json\/wp\/v2\/posts\/20873"}],"collection":[{"href":"https:\/\/www.colingua.be\/fr\/wp-json\/wp\/v2\/posts"}],"about":[{"href":"https:\/\/www.colingua.be\/fr\/wp-json\/wp\/v2\/types\/post"}],"author":[{"embeddable":true,"href":"https:\/\/www.colingua.be\/fr\/wp-json\/wp\/v2\/users\/2"}],"replies":[{"embeddable":true,"href":"https:\/\/www.colingua.be\/fr\/wp-json\/wp\/v2\/comments?post=20873"}],"version-history":[{"count":11,"href":"https:\/\/www.colingua.be\/fr\/wp-json\/wp\/v2\/posts\/20873\/revisions"}],"predecessor-version":[{"id":21249,"href":"https:\/\/www.colingua.be\/fr\/wp-json\/wp\/v2\/posts\/20873\/revisions\/21249"}],"wp:featuredmedia":[{"embeddable":true,"href":"https:\/\/www.colingua.be\/fr\/wp-json\/wp\/v2\/media\/20896"}],"wp:attachment":[{"href":"https:\/\/www.colingua.be\/fr\/wp-json\/wp\/v2\/media?parent=20873"}],"wp:term":[{"taxonomy":"category","embeddable":true,"href":"https:\/\/www.colingua.be\/fr\/wp-json\/wp\/v2\/categories?post=20873"},{"taxonomy":"post_tag","embeddable":true,"href":"https:\/\/www.colingua.be\/fr\/wp-json\/wp\/v2\/tags?post=20873"}],"curies":[{"name":"wp","href":"https:\/\/api.w.org\/{rel}","templated":true}]}}