{"id":4002,"date":"2017-11-14T21:54:48","date_gmt":"2017-11-14T20:54:48","guid":{"rendered":"https:\/\/www.colingua.be\/?p=4002"},"modified":"2017-11-26T12:31:26","modified_gmt":"2017-11-26T11:31:26","slug":"interpretes-francais-neerlandais-bruxelles","status":"publish","type":"post","link":"https:\/\/www.colingua.be\/fr\/interpretes-francais-neerlandais-bruxelles\/","title":{"rendered":"Interpr\u00e8tes pour Actiris"},"content":{"rendered":"<p><strong>Interpr\u00e9tation simultan\u00e9e n\u00e9erlandais &lt;&gt; fran\u00e7ais et installation du syst\u00e8me d&rsquo;interpr\u00e9tation avec cabine et casques.<\/strong><\/p>\n<p>&gt;&gt;&gt; Pour la deuxi\u00e8me fois en 2 mois, nos interpr\u00e8tes n\u00e9erlandais &lt;&gt; fran\u00e7ais interviennent lors d&rsquo;un \u00e9v\u00e9nement organis\u00e9 par Actiris, une preuve de confiance de la part de cette institution bruxelloise.<\/p>\n<p><!--more--><\/p>\n<p>Apr\u00e8s une premi\u00e8re conf\u00e9rence sur la \u00ab\u00a0R\u00e9vision des instruments de promotion de la diversit\u00e9 et de lutte contre la discrimination\u00a0\u00bb en septembre, l\u2019\u00e9v\u00e9nement du 8 novembre portait sur les primo-arrivants.<\/p>\n<p>\u00c0 propos de Colingua Traduction : notre agence d&rsquo;interpr\u00e9tation situ\u00e9e \u00e0 Bruxelles est sp\u00e9cialis\u00e9e dans la traduction simultan\u00e9e en n\u00e9erlandais, en fran\u00e7ais et en anglais. Ces trois langues sont les plus utilis\u00e9es \u00e0 Bruxelles, notamment par les institutions bruxelloises clientes chez Colingua. Le succ\u00e8s de notre soci\u00e9t\u00e9 repose sur le fait qu&rsquo;elle est g\u00e9r\u00e9e exclusivement par des interpr\u00e8tes de conf\u00e9rences et travaille avec une cinquantaine d&rsquo;interpr\u00e8tes tri\u00e9s sur le volet, approuv\u00e9s personnellement par nos administrateurs et connaisseurs des institutions bruxelloises.<\/p>\n<p>Notre bureau de traduction propose \u00e9galement tout le mat\u00e9riel de traduction n\u00e9cessaire pour des \u00e9v\u00e9nements multilingues, notamment des cabines, des r\u00e9cepteurs &#8211; casques, des micros, &#8230;<\/p>\n","protected":false},"excerpt":{"rendered":"<p>Interpr\u00e9tation simultan\u00e9e n\u00e9erlandais &lt;&gt; fran\u00e7ais et installation du syst\u00e8me d&rsquo;interpr\u00e9tation avec cabine et casques. &gt;&gt;&gt; Pour la deuxi\u00e8me fois en 2 mois, nos interpr\u00e8tes n\u00e9erlandais &lt;&gt; fran\u00e7ais interviennent lors d&rsquo;un \u00e9v\u00e9nement organis\u00e9 par Actiris, une preuve de confiance de la part de cette institution bruxelloise.<\/p>\n","protected":false},"author":2,"featured_media":3949,"comment_status":"closed","ping_status":"closed","sticky":false,"template":"","format":"standard","meta":{"_acf_changed":false,"footnotes":""},"categories":[1],"tags":[],"class_list":["post-4002","post","type-post","status-publish","format-standard","has-post-thumbnail","hentry","category-news"],"acf":[],"_links":{"self":[{"href":"https:\/\/www.colingua.be\/fr\/wp-json\/wp\/v2\/posts\/4002"}],"collection":[{"href":"https:\/\/www.colingua.be\/fr\/wp-json\/wp\/v2\/posts"}],"about":[{"href":"https:\/\/www.colingua.be\/fr\/wp-json\/wp\/v2\/types\/post"}],"author":[{"embeddable":true,"href":"https:\/\/www.colingua.be\/fr\/wp-json\/wp\/v2\/users\/2"}],"replies":[{"embeddable":true,"href":"https:\/\/www.colingua.be\/fr\/wp-json\/wp\/v2\/comments?post=4002"}],"version-history":[{"count":10,"href":"https:\/\/www.colingua.be\/fr\/wp-json\/wp\/v2\/posts\/4002\/revisions"}],"predecessor-version":[{"id":4084,"href":"https:\/\/www.colingua.be\/fr\/wp-json\/wp\/v2\/posts\/4002\/revisions\/4084"}],"wp:featuredmedia":[{"embeddable":true,"href":"https:\/\/www.colingua.be\/fr\/wp-json\/wp\/v2\/media\/3949"}],"wp:attachment":[{"href":"https:\/\/www.colingua.be\/fr\/wp-json\/wp\/v2\/media?parent=4002"}],"wp:term":[{"taxonomy":"category","embeddable":true,"href":"https:\/\/www.colingua.be\/fr\/wp-json\/wp\/v2\/categories?post=4002"},{"taxonomy":"post_tag","embeddable":true,"href":"https:\/\/www.colingua.be\/fr\/wp-json\/wp\/v2\/tags?post=4002"}],"curies":[{"name":"wp","href":"https:\/\/api.w.org\/{rel}","templated":true}]}}