{"id":5797,"date":"2018-05-25T17:41:14","date_gmt":"2018-05-25T15:41:14","guid":{"rendered":"https:\/\/www.colingua.be\/?p=5797"},"modified":"2018-05-28T21:28:15","modified_gmt":"2018-05-28T19:28:15","slug":"interpretes-francais-anglais-neerlandais-inami-bruxelles","status":"publish","type":"post","link":"https:\/\/www.colingua.be\/fr\/interpretes-francais-anglais-neerlandais-inami-bruxelles\/","title":{"rendered":"Conf\u00e9rence de l&rsquo;INAMI \u00e0 Bruxelles"},"content":{"rendered":"<p>Notre <strong>agence d&rsquo;interpr\u00e8tes<\/strong> a assur\u00e9 la <strong>traduction simultan\u00e9e (interpr\u00e9tariat)<\/strong> \u00e0 <strong>Bruxelles<\/strong> lors de la journ\u00e9e d\u2019\u00e9tude \u00ab 20 ans de responsabilisation des institutions publiques de s\u00e9curit\u00e9 sociale \u00bb organis\u00e9e par l&rsquo;INAMI. C&rsquo;est devant une salle comble au Square que se d\u00e9roulait cet \u00e9v\u00e9nement organis\u00e9 en pr\u00e9sence de la Ministre belge de la Sant\u00e9.<\/p>\n<p><!--more--><\/p>\n<p>R\u00e9sum\u00e9 des services :<\/p>\n<ul>\n<li><strong>Interpr\u00e9tation simultan\u00e9e<\/strong> en <strong>fran\u00e7ais<\/strong>, en <strong>anglais<\/strong> et en <strong>n\u00e9erlandais<\/strong><\/li>\n<li><strong>Interpr\u00e9tariat<\/strong> en collaboration avec le service technique du Square Brussels pour les <strong>cabines de traduction<\/strong><\/li>\n<\/ul>\n<p>\u00c0 propos de Colingua :<\/p>\n<p><strong>Colingua Traduction<\/strong> est un <strong>bureau d&rsquo;interpr\u00e8tes et de traducteurs professionnels<\/strong> situ\u00e9 \u00e0 <strong>Bruxelles<\/strong> et <strong>Li\u00e8ge<\/strong>. En plus de leur exp\u00e9rience aupr\u00e8s de nombreux acteurs europ\u00e9ens, nos interpr\u00e8tes sont des experts des <strong>institutions belges<\/strong>\u00a0et \u00a0fournissent r\u00e9guli\u00e8rement des services d&rsquo;<strong>interpr\u00e9tariat en fran\u00e7ais et en n\u00e9erlandais<\/strong>\u00a0aupr\u00e8s d&rsquo;acteurs belges incontournables tels que l&rsquo;Institut belge de Formation judiciaire, le\u00a0Forum Belge pour la Pr\u00e9vention et la S\u00e9curit\u00e9 Urbaine, la r\u00e9gion de Bruxelles-Capitale ou encore la Ville de Bruxelles.<\/p>\n","protected":false},"excerpt":{"rendered":"<p>Notre agence d&rsquo;interpr\u00e8tes a assur\u00e9 la traduction simultan\u00e9e (interpr\u00e9tariat) \u00e0 Bruxelles lors de la journ\u00e9e d\u2019\u00e9tude \u00ab 20 ans de responsabilisation des institutions publiques de s\u00e9curit\u00e9 sociale \u00bb organis\u00e9e par l&rsquo;INAMI. C&rsquo;est devant une salle comble au Square que se d\u00e9roulait cet \u00e9v\u00e9nement organis\u00e9 en pr\u00e9sence de la Ministre belge de la Sant\u00e9.<\/p>\n","protected":false},"author":2,"featured_media":5817,"comment_status":"closed","ping_status":"closed","sticky":false,"template":"","format":"standard","meta":{"_acf_changed":false,"footnotes":""},"categories":[1],"tags":[],"class_list":["post-5797","post","type-post","status-publish","format-standard","has-post-thumbnail","hentry","category-news"],"acf":[],"_links":{"self":[{"href":"https:\/\/www.colingua.be\/fr\/wp-json\/wp\/v2\/posts\/5797"}],"collection":[{"href":"https:\/\/www.colingua.be\/fr\/wp-json\/wp\/v2\/posts"}],"about":[{"href":"https:\/\/www.colingua.be\/fr\/wp-json\/wp\/v2\/types\/post"}],"author":[{"embeddable":true,"href":"https:\/\/www.colingua.be\/fr\/wp-json\/wp\/v2\/users\/2"}],"replies":[{"embeddable":true,"href":"https:\/\/www.colingua.be\/fr\/wp-json\/wp\/v2\/comments?post=5797"}],"version-history":[{"count":8,"href":"https:\/\/www.colingua.be\/fr\/wp-json\/wp\/v2\/posts\/5797\/revisions"}],"predecessor-version":[{"id":5806,"href":"https:\/\/www.colingua.be\/fr\/wp-json\/wp\/v2\/posts\/5797\/revisions\/5806"}],"wp:featuredmedia":[{"embeddable":true,"href":"https:\/\/www.colingua.be\/fr\/wp-json\/wp\/v2\/media\/5817"}],"wp:attachment":[{"href":"https:\/\/www.colingua.be\/fr\/wp-json\/wp\/v2\/media?parent=5797"}],"wp:term":[{"taxonomy":"category","embeddable":true,"href":"https:\/\/www.colingua.be\/fr\/wp-json\/wp\/v2\/categories?post=5797"},{"taxonomy":"post_tag","embeddable":true,"href":"https:\/\/www.colingua.be\/fr\/wp-json\/wp\/v2\/tags?post=5797"}],"curies":[{"name":"wp","href":"https:\/\/api.w.org\/{rel}","templated":true}]}}