{"id":7635,"date":"2018-12-13T09:17:33","date_gmt":"2018-12-13T08:17:33","guid":{"rendered":"https:\/\/www.colingua.be\/?p=7635"},"modified":"2018-12-18T19:08:13","modified_gmt":"2018-12-18T18:08:13","slug":"interpretes-a-bruxelles-pour-le-reseau-europeen-des-migrations-2018","status":"publish","type":"post","link":"https:\/\/www.colingua.be\/fr\/interpretes-a-bruxelles-pour-le-reseau-europeen-des-migrations-2018\/","title":{"rendered":"Interpr\u00e9tation simultan\u00e9e \u00e0 Bruxelles"},"content":{"rendered":"<p>Pour la 2\u00e8me ann\u00e9e cons\u00e9cutive, le R\u00e9seau europ\u00e9en des Migrations a fait confiance \u00e0 notre <strong>\u00e9quipe d&rsquo;interpr\u00e8tes (fran\u00e7ais, anglais et n\u00e9erlandais)<\/strong> pour l&rsquo;<a href=\"https:\/\/www.colingua.be\/fr\/interpretation\/interpretation-simultanee-en-cabine\/\"><strong>interpr\u00e9tation simultan\u00e9e<\/strong><\/a> lors de sa <strong>conf\u00e9rence annuelle<\/strong>.<!--more--><\/p>\n<p>Cette ann\u00e9e, le REM c\u00e9l\u00e9brait son dixi\u00e8me anniversaire au R\u00e9sidence Palace, dont les salles sont \u00e9quip\u00e9es de <a href=\"https:\/\/www.colingua.be\/fr\/materiel-interpretation-conferences\/cabines-interpretation-conferences\/\"><strong>cabines d&rsquo;interpr\u00e9tation<\/strong><\/a>, au coeur des institutions europ\u00e9ennes \u00e0 <strong>Bruxelles<\/strong>. Notre <strong>agence d&rsquo;interpr\u00e8tes de Bruxelles,<\/strong> sp\u00e9cialis\u00e9e dans l&rsquo;<strong><a href=\"https:\/\/www.colingua.be\/fr\/interpretation\/\">interpr\u00e9tariat<\/a> pour les associations et groupes europ\u00e9ens,<\/strong>\u00a0est fi\u00e8re d&rsquo;avoir pu contribuer \u00e0 ce grand \u00e9v\u00e9nement europ\u00e9en.<\/p>\n<p>Le REM (aussi appel\u00e9 EMN) \u00a0est un r\u00e9seau europ\u00e9en soutenu par les institutions europ\u00e9ennes et dont l\u2019objectif est de fournir des informations fiables, objectives, comparables et \u00e0 jour dans les domaines des migrations et de l\u2019asile afin d\u2019appuyer l\u2019\u00e9laboration des politiques et la prise de d\u00e9cisions en la mati\u00e8re.<\/p>\n","protected":false},"excerpt":{"rendered":"<p>Pour la 2\u00e8me ann\u00e9e cons\u00e9cutive, le R\u00e9seau europ\u00e9en des Migrations a fait confiance \u00e0 notre \u00e9quipe d&rsquo;interpr\u00e8tes (fran\u00e7ais, anglais et n\u00e9erlandais) pour l&rsquo;interpr\u00e9tation simultan\u00e9e lors de sa conf\u00e9rence annuelle.<\/p>\n","protected":false},"author":2,"featured_media":7664,"comment_status":"closed","ping_status":"closed","sticky":false,"template":"","format":"standard","meta":{"_acf_changed":false,"footnotes":""},"categories":[1],"tags":[],"class_list":["post-7635","post","type-post","status-publish","format-standard","has-post-thumbnail","hentry","category-news"],"acf":[],"_links":{"self":[{"href":"https:\/\/www.colingua.be\/fr\/wp-json\/wp\/v2\/posts\/7635"}],"collection":[{"href":"https:\/\/www.colingua.be\/fr\/wp-json\/wp\/v2\/posts"}],"about":[{"href":"https:\/\/www.colingua.be\/fr\/wp-json\/wp\/v2\/types\/post"}],"author":[{"embeddable":true,"href":"https:\/\/www.colingua.be\/fr\/wp-json\/wp\/v2\/users\/2"}],"replies":[{"embeddable":true,"href":"https:\/\/www.colingua.be\/fr\/wp-json\/wp\/v2\/comments?post=7635"}],"version-history":[{"count":9,"href":"https:\/\/www.colingua.be\/fr\/wp-json\/wp\/v2\/posts\/7635\/revisions"}],"predecessor-version":[{"id":7737,"href":"https:\/\/www.colingua.be\/fr\/wp-json\/wp\/v2\/posts\/7635\/revisions\/7737"}],"wp:featuredmedia":[{"embeddable":true,"href":"https:\/\/www.colingua.be\/fr\/wp-json\/wp\/v2\/media\/7664"}],"wp:attachment":[{"href":"https:\/\/www.colingua.be\/fr\/wp-json\/wp\/v2\/media?parent=7635"}],"wp:term":[{"taxonomy":"category","embeddable":true,"href":"https:\/\/www.colingua.be\/fr\/wp-json\/wp\/v2\/categories?post=7635"},{"taxonomy":"post_tag","embeddable":true,"href":"https:\/\/www.colingua.be\/fr\/wp-json\/wp\/v2\/tags?post=7635"}],"curies":[{"name":"wp","href":"https:\/\/api.w.org\/{rel}","templated":true}]}}